{"id":91769,"date":"2023-10-19T12:33:16","date_gmt":"2023-10-19T12:33:16","guid":{"rendered":"https:\/\/conversiona.me\/callandride2025\/transporte-de-equipaje-en-mallorca\/"},"modified":"2026-02-25T11:19:06","modified_gmt":"2026-02-25T11:19:06","slug":"transporte-de-equipaje-en-mallorca","status":"publish","type":"post","link":"https:\/\/callandridemallorca.com\/es\/transporte-de-equipaje-en-mallorca\/","title":{"rendered":"Transporte de equipaje en Mallorca"},"content":{"rendered":"<p>Transporte de equipaje en Mallorca<\/p>\n<p>Si tienes previsto viajar a Mallorca, recorrer la Sierra de Tramuntana, visitar la isla en bicicleta y necesitas una empresa que transporte tu equipaje de un hotel, hostal o apartamento vacacional a otro, puedes confiar en Call&amp;Ride Mallorca.<\/p>\n<p>Call&amp;Ride Mallorca es una empresa de consigna de equipaje que ofrece este servicio en cualquier punto de la isla al mejor precio. Transportamos desde maletas peque\u00f1as hasta paquetes m\u00e1s grandes como bicicletas. <\/p>\n<h2><strong>\u00bfC\u00f3mo funciona?<\/strong><\/h2>\n<p>Ponte en contacto con nosotros a trav\u00e9s de nuestra web y expl\u00edcanos brevemente tu plan de viaje: d\u00f3nde quieres dejar tus maletas para que las recojamos y d\u00f3nde quieres que las transportemos mientras viajas, as\u00ed como las fechas de los traslados. Una vez recibida toda la informaci\u00f3n necesaria, te responderemos con una oferta personalizada. El precio del servicio de transporte de equipaje var\u00eda seg\u00fan el n\u00famero de art\u00edculos a transportar, la distancia a recorrer y el tiempo que llevar\u00e1.  <\/p>\n<p>Recuerda que nos adaptamos a tus necesidades. Al tener una tienda en el centro de Palma, puedes usar nuestro servicio para dejar all\u00ed las maletas y recogerlas cuando quieras y en cualquier lugar de la isla, haciendo que te las entreguemos en un punto fijo o en varios lugares seg\u00fan las etapas de tu viaje si vas en bicicleta o caminando. Con nuestro servicio de transporte de equipaje, haremos tu viaje mucho m\u00e1s c\u00f3modo.  <\/p>\n<p>Call&amp;Ride Mallorca tambi\u00e9n ofrece la posibilidad de transportar bicicletas desde el aeropuerto hasta tu hotel o desde cualquier punto de la isla a otro lugar. As\u00ed puedes empezar tu ruta en bici desde tu hotel y no desde el aeropuerto. <\/p>\n<p>Adem\u00e1s, puedes guardar tus maletas en nuestra consigna de equipaje en el centro de Palma todo el tiempo que necesites. Tenemos mucho espacio para almacenar desde maletas peque\u00f1as hasta paquetes m\u00e1s grandes como cajas de bicicletas. <\/p>\n<p>Nuestra tienda est\u00e1 situada en el coraz\u00f3n de Palma, en Plaza Rosario 4, a menos de 5 minutos andando de la Catedral de Palma y a menos de 10 minutos de la parada de autob\u00fas que llega desde el aeropuerto.<\/p>\n<p><strong>Si tienes alguna pregunta, no dudes en consultarnos. Puedes ponerte en contacto con nosotros por correo electr\u00f3nico o por tel\u00e9fono:<\/strong><br \/>Correo electr\u00f3nico: info@callandridemallorca.com<br \/>Tel\u00e9fono: 0034 871116996<br \/>Direcci\u00f3n: Plaza Rosario 4, 07001, Palma<\/p><\/p>\n","protected":false},"excerpt":{"rendered":"<p>Transporte de equipaje en Mallorca Si tienes previsto viajar a Mallorca, recorrer la Sierra de Tramuntana, visitar la isla en bicicleta y necesitas una empresa que transporte tu equipaje de un hotel, hostal o apartamento vacacional a otro, puedes confiar en Call&amp;Ride Mallorca. Call&amp;Ride Mallorca es una empresa de consigna de equipaje que ofrece este [&hellip;]<\/p>\n","protected":false},"author":1,"featured_media":91770,"comment_status":"closed","ping_status":"closed","sticky":false,"template":"","format":"standard","meta":{"footnotes":""},"categories":[45],"tags":[],"class_list":["post-91769","post","type-post","status-publish","format-standard","has-post-thumbnail","hentry","category-sin-categorizar"],"_links":{"self":[{"href":"https:\/\/callandridemallorca.com\/es\/wp-json\/wp\/v2\/posts\/91769","targetHints":{"allow":["GET"]}}],"collection":[{"href":"https:\/\/callandridemallorca.com\/es\/wp-json\/wp\/v2\/posts"}],"about":[{"href":"https:\/\/callandridemallorca.com\/es\/wp-json\/wp\/v2\/types\/post"}],"author":[{"embeddable":true,"href":"https:\/\/callandridemallorca.com\/es\/wp-json\/wp\/v2\/users\/1"}],"replies":[{"embeddable":true,"href":"https:\/\/callandridemallorca.com\/es\/wp-json\/wp\/v2\/comments?post=91769"}],"version-history":[{"count":1,"href":"https:\/\/callandridemallorca.com\/es\/wp-json\/wp\/v2\/posts\/91769\/revisions"}],"predecessor-version":[{"id":91923,"href":"https:\/\/callandridemallorca.com\/es\/wp-json\/wp\/v2\/posts\/91769\/revisions\/91923"}],"wp:featuredmedia":[{"embeddable":true,"href":"https:\/\/callandridemallorca.com\/es\/wp-json\/wp\/v2\/media\/91770"}],"wp:attachment":[{"href":"https:\/\/callandridemallorca.com\/es\/wp-json\/wp\/v2\/media?parent=91769"}],"wp:term":[{"taxonomy":"category","embeddable":true,"href":"https:\/\/callandridemallorca.com\/es\/wp-json\/wp\/v2\/categories?post=91769"},{"taxonomy":"post_tag","embeddable":true,"href":"https:\/\/callandridemallorca.com\/es\/wp-json\/wp\/v2\/tags?post=91769"}],"curies":[{"name":"wp","href":"https:\/\/api.w.org\/{rel}","templated":true}]}}