{"id":91771,"date":"2023-10-19T12:33:16","date_gmt":"2023-10-19T12:33:16","guid":{"rendered":"https:\/\/conversiona.me\/callandride2025\/gepaecktransport-auf-mallorca\/"},"modified":"2026-02-25T11:19:07","modified_gmt":"2026-02-25T11:19:07","slug":"gepaecktransport-auf-mallorca","status":"publish","type":"post","link":"https:\/\/callandridemallorca.com\/de\/gepaecktransport-auf-mallorca\/","title":{"rendered":"Gep\u00e4cktransport auf Mallorca"},"content":{"rendered":"<p>Gep\u00e4cktransport auf Mallorca<\/p>\n<p>Wenn du planst, nach Mallorca zu reisen, die Sierra de Tramuntana zu erwandern, die Insel mit dem Fahrrad zu erkunden und eine Firma brauchst, die dein Gep\u00e4ck von einem Hotel, Hostel oder einer Ferienwohnung zur n\u00e4chsten transportiert, kannst du Call&amp;Ride Mallorca vertrauen.<\/p>\n<p>Call&amp;Ride Mallorca ist ein Gep\u00e4cktransportunternehmen, das diesen Service \u00fcberall auf der Insel zum besten Preis anbietet. Wir transportieren von kleinen Koffern bis hin zu gr\u00f6\u00dferen Paketen wie Fahrr\u00e4dern. <\/p>\n<h2><strong>Wie funktioniert es?<\/strong><\/h2>\n<p>Kontaktiere uns \u00fcber unsere Website und erkl\u00e4re kurz deinen Reiseplan: Wo m\u00f6chtest du deine Taschen abgeben, damit wir sie abholen k\u00f6nnen, und wohin sollen wir sie w\u00e4hrend deiner Reise transportieren, sowie die Daten f\u00fcr die Transfers. Sobald wir alle notwendigen Informationen erhalten haben, senden wir dir ein personalisiertes Angebot. Der Preis f\u00fcr den Gep\u00e4cktransportservice variiert je nach Anzahl der zu transportierenden Gegenst\u00e4nde, der zur\u00fcckzulegenden Entfernung und der ben\u00f6tigten Zeit.  <\/p>\n<p>Denke daran, dass wir uns an deine Bed\u00fcrfnisse anpassen. Da wir ein Gesch\u00e4ft im Zentrum von Palma haben, kannst du unseren Service nutzen, um dort Koffer abzugeben und sie jederzeit und \u00fcberall auf der Insel abzuholen. Wir k\u00f6nnen sie an einen festen Punkt oder an mehrere Orte liefern, je nach deinen Reiseetappen, wenn du mit dem Fahrrad oder zu Fu\u00df unterwegs bist. Mit unserem Gep\u00e4cktransportservice machen wir deine Reise viel komfortabler.  <\/p>\n<p>Call&amp;Ride Mallorca bietet auch die M\u00f6glichkeit, Fahrr\u00e4der vom Flughafen zu deinem Hotel oder von jedem Punkt der Insel zu einem anderen Ort zu transportieren. So kannst du deine Fahrradroute direkt von deinem Hotel aus starten und nicht erst vom Flughafen. <\/p>\n<p>Zus\u00e4tzlich kannst du deine Taschen so lange wie n\u00f6tig in unserer Gep\u00e4ckaufbewahrung im Zentrum von Palma lagern. Wir haben viel Platz, um alles von kleinen Koffern bis hin zu gr\u00f6\u00dferen Paketen wie Fahrradkartons aufzubewahren. <\/p>\n<p>Unser Gesch\u00e4ft befindet sich im Herzen von Palma am Plaza Rosario 4, weniger als 5 Gehminuten von der Kathedrale von Palma und weniger als 10 Minuten von der Bushaltestelle entfernt, die vom Flughafen kommt.<\/p>\n<p><strong>Wenn du Fragen hast, z\u00f6gere nicht, uns zu fragen. Du kannst uns per E-Mail oder Telefon kontaktieren:<\/strong><br \/>E-Mail: info@callandridemallorca.com<br \/>Telefon: 0034 871116996<br \/>Adresse: Plaza Rosario 4, 07001, Palma<\/p><\/p>\n","protected":false},"excerpt":{"rendered":"<p>Gep\u00e4cktransport auf Mallorca Wenn du planst, nach Mallorca zu reisen, die Sierra de Tramuntana zu erwandern, die Insel mit dem Fahrrad zu erkunden und eine Firma brauchst, die dein Gep\u00e4ck von einem Hotel, Hostel oder einer Ferienwohnung zur n\u00e4chsten transportiert, kannst du Call&amp;Ride Mallorca vertrauen. Call&amp;Ride Mallorca ist ein Gep\u00e4cktransportunternehmen, das diesen Service \u00fcberall auf [&hellip;]<\/p>\n","protected":false},"author":1,"featured_media":91772,"comment_status":"closed","ping_status":"closed","sticky":false,"template":"","format":"standard","meta":{"footnotes":""},"categories":[46],"tags":[],"class_list":["post-91771","post","type-post","status-publish","format-standard","has-post-thumbnail","hentry","category-unkategorisiert"],"_links":{"self":[{"href":"https:\/\/callandridemallorca.com\/de\/wp-json\/wp\/v2\/posts\/91771","targetHints":{"allow":["GET"]}}],"collection":[{"href":"https:\/\/callandridemallorca.com\/de\/wp-json\/wp\/v2\/posts"}],"about":[{"href":"https:\/\/callandridemallorca.com\/de\/wp-json\/wp\/v2\/types\/post"}],"author":[{"embeddable":true,"href":"https:\/\/callandridemallorca.com\/de\/wp-json\/wp\/v2\/users\/1"}],"replies":[{"embeddable":true,"href":"https:\/\/callandridemallorca.com\/de\/wp-json\/wp\/v2\/comments?post=91771"}],"version-history":[{"count":1,"href":"https:\/\/callandridemallorca.com\/de\/wp-json\/wp\/v2\/posts\/91771\/revisions"}],"predecessor-version":[{"id":91924,"href":"https:\/\/callandridemallorca.com\/de\/wp-json\/wp\/v2\/posts\/91771\/revisions\/91924"}],"wp:featuredmedia":[{"embeddable":true,"href":"https:\/\/callandridemallorca.com\/de\/wp-json\/wp\/v2\/media\/91772"}],"wp:attachment":[{"href":"https:\/\/callandridemallorca.com\/de\/wp-json\/wp\/v2\/media?parent=91771"}],"wp:term":[{"taxonomy":"category","embeddable":true,"href":"https:\/\/callandridemallorca.com\/de\/wp-json\/wp\/v2\/categories?post=91771"},{"taxonomy":"post_tag","embeddable":true,"href":"https:\/\/callandridemallorca.com\/de\/wp-json\/wp\/v2\/tags?post=91771"}],"curies":[{"name":"wp","href":"https:\/\/api.w.org\/{rel}","templated":true}]}}